{"id":13632,"date":"2026-08-27T19:01:29","date_gmt":"2026-08-27T23:01:29","guid":{"rendered":"https:\/\/nlaad.org\/es\/?p=13632"},"modified":"2026-09-04T19:45:17","modified_gmt":"2026-09-04T23:45:17","slug":"nlaad-launches-2026-campaign-empowering-hispanics-latinos-to-get-tested-for-hiv","status":"publish","type":"post","link":"https:\/\/nlaad.org\/es\/nlaad-launches-2026-campaign-empowering-hispanics-latinos-to-get-tested-for-hiv\/","title":{"rendered":"NLAAD Lanza la Campa\u00f1a 2026 Empoderando a los Hispanos\/Latinos a Hacerse la Prueba del VIH"},"content":{"rendered":"<style type=\"text\/css\"><\/style><p><strong>NUEVA YORK, 27 de agosto de 2026 \u2013<\/strong> El D\u00eda Nacional Latino Para la Concientizaci\u00f3n del SIDA (NLAAD) se llevar\u00e1 a cabo el 15 de octubre, y la campa\u00f1a de este a\u00f1o tiene como objetivo empoderar a las personas para que tomen el control de su salud <strong>haci\u00e9ndose la prueba del VIH<\/strong>, ya sea en casa o en una cl\u00ednica u organizaci\u00f3n comunitaria. La iniciativa contar\u00e1 con eventos locales comunitarios de pruebas del VIH en todo el pa\u00eds.<\/p>\n<p>El tema de este a\u00f1o, <strong>\u201cConocer tu estado del VIH es un buen punto de partida\u201d<\/strong>, se combina con la campa\u00f1a visual que ilustra c\u00f3mo todo tipo de relaciones comienzan con peque\u00f1os momentos cotidianos: dos codos que se tocan accidentalmente, compartir un asiento en el tren, alcanzar el mismo objeto o cruzar miradas en el gimnasio. Sin importar a d\u00f3nde conduzca una nueva relaci\u00f3n, conocer tu estado del VIH es la mejor base para iniciar una relaci\u00f3n saludable contigo mismo y con los dem\u00e1s.<\/p>\n<p>Hoy m\u00e1s que nunca contamos con herramientas para prevenir el VIH, diagnosticarlo a tiempo y vivir de manera m\u00e1s saludable despu\u00e9s de un diagn\u00f3stico. Al reflexionar sobre la campa\u00f1a de este a\u00f1o, un buen lugar para comenzar es hacerse la prueba en un espacio seguro, ya sea mediante una <a href=\"https:\/\/together.takemehome.org\/\" target=\"_blank\" rel=\"noopener\">auto prueba casera<\/a> o <a href=\"https:\/\/locator.hiv.gov\/\" target=\"_blank\" rel=\"noopener\">visitando una cl\u00ednica<\/a> u organizaci\u00f3n comunitaria para recibir apoyo directo de profesionales de la salud.<\/p>\n<p><strong>Por qu\u00e9 es importante hacerse la prueba del VIH<\/strong><br \/>\nEl VIH contin\u00faa afectando de manera desproporcionada a las comunidades hispanas\/latinas. A pesar de representar una quinta parte de la poblaci\u00f3n total de Estados Unidos, los Centros para el Control y la Prevenci\u00f3n de Enfermedades (CDC) informan que<strong> las comunidades hispanas\/latinas representaron un tercio (12,860 casos) de los nuevos diagn\u00f3sticos de VIH en Estados Unidos en 2024.<\/strong> Alarmantemente, una de cada cinco personas diagnosticadas ya viv\u00eda con SIDA, lo que destaca la importancia de hacerse la prueba del VIH y recibir un diagn\u00f3stico m\u00e1s temprano.Seg\u00fan una encuesta de los CDC de 2018, se estim\u00f3 que <strong>el 49% de los hispanos\/latinos nunca se hab\u00eda hecho una prueba del VIH en su vida.<\/strong> Adem\u00e1s, el 16% de las personas hispanas\/latinas que viv\u00edan con el VIH no sab\u00edan que lo ten\u00edan en 2022. Aumentar el uso de pruebas en general, las pruebas caseras y la divulgaci\u00f3n dirigida es solo una de las muchas maneras de romper los ciclos de transmisi\u00f3n, diagn\u00f3stico tard\u00edo, atenci\u00f3n intensiva de emergencia y resultados desfavorables dentro de la comunidad hispana\/latina.<\/p>\n<p>Para transformar estas necesidades cr\u00edticas en acci\u00f3n directa, la campa\u00f1a del a\u00f1o pasado moviliz\u00f3 a organizaciones comunitarias para organizar 19 eventos de NLAAD en 11 estados y Puerto Rico, mientras que otras 81 organizaciones observaron el d\u00eda de concientizaci\u00f3n. Este a\u00f1o, las organizaciones asociadas ya est\u00e1n trabajando arduamente en la planificaci\u00f3n de eventos que dan vida a la misi\u00f3n de NLAAD.<\/p>\n<p>\u201cLas organizaciones locales han transformado NLAAD de un d\u00eda de concientizaci\u00f3n en un poderoso movimiento nacional. A trav\u00e9s de eventos de pruebas de VIH sin costo, festivales de comida y m\u00fasica, actividades basadas en la fe, concursos de belleza, s\u00f3lo por mencionar algunos de los eventos comunitarios donde se han creado espacios para la educaci\u00f3n y la acci\u00f3n sobre el VIH, asegurando que nuestro mensaje se difunda en la comunidad, en todas partes\u201d dijo <strong>Guillermo Chac\u00f3n<\/strong>, Presidente de La Comisi\u00f3n Latina Sobre el SIDA.<\/p>\n<p>\u201cDurante NLAAD, buscamos continuamente formas innovadoras de encontrarnos con nuestra comunidad justo donde est\u00e1. A trav\u00e9s de \u2018Lola\u2019, nuestra unidad m\u00f3vil de pruebas del VIH que recorre San Juan, ofrecemos pruebas r\u00e1pidas de un minuto junto con consejer\u00eda sobre ITS. El a\u00f1o pasado colaboramos con dos organizaciones locales para ofrecer apoyo dentro de sus instalaciones mientras Lola brindaba pruebas accesibles justo afuera. En el coraz\u00f3n de todo lo que hacemos est\u00e1 nuestro compromiso con empat\u00eda: brindar atenci\u00f3n centrada en las personas, con calidez, dignidad y una voz que realmente refleja a nuestra comunidad. \u00a1Lola sigue dando candela en las calles de San Juan!\u201d se\u00f1al\u00f3 <strong>M\u00f3nica Garc\u00eda Delgado<\/strong>, Gerente de Programa de PR-MTU, AHF Puerto Rico.<\/p>\n<p><strong>Participa en NLAAD<\/strong><br \/>\nInvitamos a las personas y organizaciones a participar en la campa\u00f1a de este a\u00f1o, tomando la siguiente acci\u00f3n:<\/p>\n<ul>\n<li>Aprendiendo y compartiendo informaci\u00f3n sobre las pruebas del VIH, PrEP, tratamientos, I=I<\/li>\n<li>Organizando y registrando su evento en NLAAD 2026 nlaad.org<\/li>\n<li>Invitando a personas a solicitar su prueba de VIH casera sin costo en: <a href=\"https:\/\/together.takemehome.org\/\" target=\"_blank\" rel=\"noopener\">together.takemehome.org<\/a><\/li>\n<li>Participando en la serie de talleres virtuales (Webinars) NLAAD 2026<\/li>\n<li>Utilizando y distribuyendo los materiales de la campa\u00f1a de NLAAD, incluyendo infograf\u00edas, carteles y recursos en las redes sociales disponibles en nuestro sitio de Internet.<\/li>\n<li>Usando las etiquetas #NLAAD y #NLAAD2026 para amplificar el mensaje en l\u00ednea<\/li>\n<li>Colaborando con proveedores de atenci\u00f3n m\u00e9dica, organizaciones comunitarias, departamentos de salud, l\u00edderes comunitarios y de fe.<\/li>\n<li>Invitando a estaciones de televisi\u00f3n locales, peri\u00f3dicos y l\u00edderes de opini\u00f3n en redes sociales para cubrir su evento.<\/li>\n<\/ul>\n<p>\u2013\u2013\u2013\u2013\u2013<br \/>\nPara registro de eventos o consultas de medios, contactar a:<br \/>\nKarina Escamilla, Directora de Movilizaci\u00f3n Comunitaria, Latino Commission on AIDS, <a href=\"mailto:kescamilla@latinoaids.org\" target=\"_blank\" rel=\"noopener\">kescamilla@latinoaids.org<\/a><\/p>\n","protected":false},"excerpt":{"rendered":"<p>NUEVA YORK, 27 de agosto de 2026 \u2013 El D\u00eda Nacional Latino Para la Concientizaci\u00f3n del SIDA (NLAAD) se llevar\u00e1 a cabo el 15 de octubre, y la campa\u00f1a de&#8230;<\/p>\n","protected":false},"author":1,"featured_media":13635,"comment_status":"closed","ping_status":"open","sticky":false,"template":"","format":"standard","meta":{"footnotes":""},"categories":[83],"tags":[],"class_list":["post-13632","post","type-post","status-publish","format-standard","has-post-thumbnail","hentry","category-campana-nlaad"],"yoast_head":"<!-- This site is optimized with the Yoast SEO plugin v28.3 - https:\/\/yoast.com\/product\/yoast-seo-wordpress\/ -->\n<title>NLAAD Lanza la Campa\u00f1a 2026 Empoderando a los Hispanos\/Latinos a Hacerse la Prueba del VIH - nlaad.org<\/title>\n<meta name=\"robots\" content=\"index, follow, max-snippet:-1, max-image-preview:large, max-video-preview:-1\" \/>\n<link rel=\"canonical\" href=\"https:\/\/nlaad.org\/es\/nlaad-launches-2026-campaign-empowering-hispanics-latinos-to-get-tested-for-hiv\/\" \/>\n<meta property=\"og:locale\" content=\"es_ES\" \/>\n<meta property=\"og:type\" content=\"article\" \/>\n<meta property=\"og:title\" content=\"NLAAD Lanza la Campa\u00f1a 2026 Empoderando a los Hispanos\/Latinos a Hacerse la Prueba del VIH - nlaad.org\" \/>\n<meta property=\"og:description\" content=\"NUEVA YORK, 27 de agosto de 2026 \u2013 El D\u00eda Nacional Latino Para la Concientizaci\u00f3n del SIDA (NLAAD) se llevar\u00e1 a cabo el 15 de octubre, y la campa\u00f1a de...\" \/>\n<meta property=\"og:url\" content=\"https:\/\/nlaad.org\/es\/nlaad-launches-2026-campaign-empowering-hispanics-latinos-to-get-tested-for-hiv\/\" \/>\n<meta property=\"og:site_name\" content=\"nlaad.org\" \/>\n<meta property=\"article:publisher\" content=\"https:\/\/www.facebook.com\/LatinoCommissionOnAids\/\" \/>\n<meta property=\"article:published_time\" content=\"2026-08-27T23:01:29+00:00\" \/>\n<meta property=\"article:modified_time\" content=\"2026-09-04T23:45:17+00:00\" \/>\n<meta property=\"og:image\" content=\"https:\/\/nlaad.org\/wp-content\/uploads\/2026\/08\/nlaad-2026-posters-mockup.jpg\" \/>\n\t<meta property=\"og:image:width\" content=\"1600\" \/>\n\t<meta property=\"og:image:height\" content=\"1000\" \/>\n\t<meta property=\"og:image:type\" content=\"image\/jpeg\" \/>\n<meta name=\"author\" content=\"daniel\" \/>\n<meta name=\"twitter:card\" content=\"summary_large_image\" \/>\n<meta name=\"twitter:creator\" content=\"@latinocommaids\" \/>\n<meta name=\"twitter:site\" content=\"@latinocommaids\" \/>\n<meta name=\"twitter:label1\" content=\"Written by\" \/>\n\t<meta name=\"twitter:data1\" content=\"daniel\" \/>\n\t<meta name=\"twitter:label2\" content=\"Est. reading time\" \/>\n\t<meta name=\"twitter:data2\" content=\"4 minutes\" \/>\n<script type=\"application\/ld+json\" class=\"yoast-schema-graph\">{\"@context\":\"https:\\\/\\\/schema.org\",\"@graph\":[{\"@type\":\"Article\",\"@id\":\"https:\\\/\\\/nlaad.org\\\/es\\\/nlaad-launches-2026-campaign-empowering-hispanics-latinos-to-get-tested-for-hiv\\\/#article\",\"isPartOf\":{\"@id\":\"https:\\\/\\\/nlaad.org\\\/es\\\/nlaad-launches-2026-campaign-empowering-hispanics-latinos-to-get-tested-for-hiv\\\/\"},\"author\":{\"name\":\"daniel\",\"@id\":\"https:\\\/\\\/nlaad.org\\\/#\\\/schema\\\/person\\\/0f6519262d630c9564e788a0e44ce15e\"},\"headline\":\"NLAAD Lanza la Campa\u00f1a 2026 Empoderando a los Hispanos\\\/Latinos a Hacerse la Prueba del VIH\",\"datePublished\":\"2026-08-27T23:01:29+00:00\",\"dateModified\":\"2026-09-04T23:45:17+00:00\",\"mainEntityOfPage\":{\"@id\":\"https:\\\/\\\/nlaad.org\\\/es\\\/nlaad-launches-2026-campaign-empowering-hispanics-latinos-to-get-tested-for-hiv\\\/\"},\"wordCount\":928,\"publisher\":{\"@id\":\"https:\\\/\\\/nlaad.org\\\/#organization\"},\"image\":{\"@id\":\"https:\\\/\\\/nlaad.org\\\/es\\\/nlaad-launches-2026-campaign-empowering-hispanics-latinos-to-get-tested-for-hiv\\\/#primaryimage\"},\"thumbnailUrl\":\"https:\\\/\\\/nlaad.org\\\/wp-content\\\/uploads\\\/2026\\\/08\\\/nlaad-2026-posters-mockup.jpg\",\"articleSection\":[\"Campa\u00f1a NLAAD\"],\"inLanguage\":\"es-ES\"},{\"@type\":\"WebPage\",\"@id\":\"https:\\\/\\\/nlaad.org\\\/es\\\/nlaad-launches-2026-campaign-empowering-hispanics-latinos-to-get-tested-for-hiv\\\/\",\"url\":\"https:\\\/\\\/nlaad.org\\\/es\\\/nlaad-launches-2026-campaign-empowering-hispanics-latinos-to-get-tested-for-hiv\\\/\",\"name\":\"NLAAD Lanza la Campa\u00f1a 2026 Empoderando a los Hispanos\\\/Latinos a Hacerse la Prueba del VIH - nlaad.org\",\"isPartOf\":{\"@id\":\"https:\\\/\\\/nlaad.org\\\/#website\"},\"primaryImageOfPage\":{\"@id\":\"https:\\\/\\\/nlaad.org\\\/es\\\/nlaad-launches-2026-campaign-empowering-hispanics-latinos-to-get-tested-for-hiv\\\/#primaryimage\"},\"image\":{\"@id\":\"https:\\\/\\\/nlaad.org\\\/es\\\/nlaad-launches-2026-campaign-empowering-hispanics-latinos-to-get-tested-for-hiv\\\/#primaryimage\"},\"thumbnailUrl\":\"https:\\\/\\\/nlaad.org\\\/wp-content\\\/uploads\\\/2026\\\/08\\\/nlaad-2026-posters-mockup.jpg\",\"datePublished\":\"2026-08-27T23:01:29+00:00\",\"dateModified\":\"2026-09-04T23:45:17+00:00\",\"breadcrumb\":{\"@id\":\"https:\\\/\\\/nlaad.org\\\/es\\\/nlaad-launches-2026-campaign-empowering-hispanics-latinos-to-get-tested-for-hiv\\\/#breadcrumb\"},\"inLanguage\":\"es-ES\",\"potentialAction\":[{\"@type\":\"ReadAction\",\"target\":[\"https:\\\/\\\/nlaad.org\\\/es\\\/nlaad-launches-2026-campaign-empowering-hispanics-latinos-to-get-tested-for-hiv\\\/\"]}]},{\"@type\":\"ImageObject\",\"inLanguage\":\"es-ES\",\"@id\":\"https:\\\/\\\/nlaad.org\\\/es\\\/nlaad-launches-2026-campaign-empowering-hispanics-latinos-to-get-tested-for-hiv\\\/#primaryimage\",\"url\":\"https:\\\/\\\/nlaad.org\\\/wp-content\\\/uploads\\\/2026\\\/08\\\/nlaad-2026-posters-mockup.jpg\",\"contentUrl\":\"https:\\\/\\\/nlaad.org\\\/wp-content\\\/uploads\\\/2026\\\/08\\\/nlaad-2026-posters-mockup.jpg\",\"width\":1600,\"height\":1000},{\"@type\":\"BreadcrumbList\",\"@id\":\"https:\\\/\\\/nlaad.org\\\/es\\\/nlaad-launches-2026-campaign-empowering-hispanics-latinos-to-get-tested-for-hiv\\\/#breadcrumb\",\"itemListElement\":[{\"@type\":\"ListItem\",\"position\":1,\"name\":\"Home\",\"item\":\"https:\\\/\\\/nlaad.org\\\/es\\\/\"},{\"@type\":\"ListItem\",\"position\":2,\"name\":\"NLAAD Lanza la Campa\u00f1a 2026 Empoderando a los Hispanos\\\/Latinos a Hacerse la Prueba del VIH\"}]},{\"@type\":\"WebSite\",\"@id\":\"https:\\\/\\\/nlaad.org\\\/#website\",\"url\":\"https:\\\/\\\/nlaad.org\\\/\",\"name\":\"nlaad.org\",\"description\":\"National Latino AIDS Awareness Day\",\"publisher\":{\"@id\":\"https:\\\/\\\/nlaad.org\\\/#organization\"},\"potentialAction\":[{\"@type\":\"SearchAction\",\"target\":{\"@type\":\"EntryPoint\",\"urlTemplate\":\"https:\\\/\\\/nlaad.org\\\/?s={search_term_string}\"},\"query-input\":{\"@type\":\"PropertyValueSpecification\",\"valueRequired\":true,\"valueName\":\"search_term_string\"}}],\"inLanguage\":\"es-ES\"},{\"@type\":\"Organization\",\"@id\":\"https:\\\/\\\/nlaad.org\\\/#organization\",\"name\":\"Latino Commission on AIDS\",\"url\":\"https:\\\/\\\/nlaad.org\\\/\",\"logo\":{\"@type\":\"ImageObject\",\"inLanguage\":\"es-ES\",\"@id\":\"https:\\\/\\\/nlaad.org\\\/#\\\/schema\\\/logo\\\/image\\\/\",\"url\":\"https:\\\/\\\/nlaad.org\\\/wp-content\\\/uploads\\\/2024\\\/01\\\/commission-logo.png\",\"contentUrl\":\"https:\\\/\\\/nlaad.org\\\/wp-content\\\/uploads\\\/2024\\\/01\\\/commission-logo.png\",\"width\":218,\"height\":114,\"caption\":\"Latino Commission on AIDS\"},\"image\":{\"@id\":\"https:\\\/\\\/nlaad.org\\\/#\\\/schema\\\/logo\\\/image\\\/\"},\"sameAs\":[\"https:\\\/\\\/www.facebook.com\\\/LatinoCommissionOnAids\\\/\",\"https:\\\/\\\/x.com\\\/latinocommaids\",\"https:\\\/\\\/www.instagram.com\\\/latinocommaids\\\/\",\"https:\\\/\\\/www.youtube.com\\\/channel\\\/UC2k0W8WkRot9Ds5iYEkpd3w\"]},{\"@type\":\"Person\",\"@id\":\"https:\\\/\\\/nlaad.org\\\/#\\\/schema\\\/person\\\/0f6519262d630c9564e788a0e44ce15e\",\"name\":\"daniel\",\"image\":{\"@type\":\"ImageObject\",\"inLanguage\":\"es-ES\",\"@id\":\"https:\\\/\\\/secure.gravatar.com\\\/avatar\\\/911a869e60d8915854a3aca9056038ff1c408dcd06e733efe413f5c9f50f9681?s=96&d=mm&r=g\",\"url\":\"https:\\\/\\\/secure.gravatar.com\\\/avatar\\\/911a869e60d8915854a3aca9056038ff1c408dcd06e733efe413f5c9f50f9681?s=96&d=mm&r=g\",\"contentUrl\":\"https:\\\/\\\/secure.gravatar.com\\\/avatar\\\/911a869e60d8915854a3aca9056038ff1c408dcd06e733efe413f5c9f50f9681?s=96&d=mm&r=g\",\"caption\":\"daniel\"},\"url\":\"https:\\\/\\\/nlaad.org\\\/es\\\/author\\\/daniel\\\/\"}]}<\/script>\n<!-- \/ Yoast SEO plugin. -->","yoast_head_json":{"title":"NLAAD Lanza la Campa\u00f1a 2026 Empoderando a los Hispanos\/Latinos a Hacerse la Prueba del VIH - nlaad.org","robots":{"index":"index","follow":"follow","max-snippet":"max-snippet:-1","max-image-preview":"max-image-preview:large","max-video-preview":"max-video-preview:-1"},"canonical":"https:\/\/nlaad.org\/es\/nlaad-launches-2026-campaign-empowering-hispanics-latinos-to-get-tested-for-hiv\/","og_locale":"es_ES","og_type":"article","og_title":"NLAAD Lanza la Campa\u00f1a 2026 Empoderando a los Hispanos\/Latinos a Hacerse la Prueba del VIH - nlaad.org","og_description":"NUEVA YORK, 27 de agosto de 2026 \u2013 El D\u00eda Nacional Latino Para la Concientizaci\u00f3n del SIDA (NLAAD) se llevar\u00e1 a cabo el 15 de octubre, y la campa\u00f1a de...","og_url":"https:\/\/nlaad.org\/es\/nlaad-launches-2026-campaign-empowering-hispanics-latinos-to-get-tested-for-hiv\/","og_site_name":"nlaad.org","article_publisher":"https:\/\/www.facebook.com\/LatinoCommissionOnAids\/","article_published_time":"2026-08-27T23:01:29+00:00","article_modified_time":"2026-09-04T23:45:17+00:00","og_image":[{"width":1600,"height":1000,"url":"https:\/\/nlaad.org\/wp-content\/uploads\/2026\/08\/nlaad-2026-posters-mockup.jpg","type":"image\/jpeg"}],"author":"daniel","twitter_card":"summary_large_image","twitter_creator":"@latinocommaids","twitter_site":"@latinocommaids","twitter_misc":{"Written by":"daniel","Est. reading time":"4 minutes"},"schema":{"@context":"https:\/\/schema.org","@graph":[{"@type":"Article","@id":"https:\/\/nlaad.org\/es\/nlaad-launches-2026-campaign-empowering-hispanics-latinos-to-get-tested-for-hiv\/#article","isPartOf":{"@id":"https:\/\/nlaad.org\/es\/nlaad-launches-2026-campaign-empowering-hispanics-latinos-to-get-tested-for-hiv\/"},"author":{"name":"daniel","@id":"https:\/\/nlaad.org\/#\/schema\/person\/0f6519262d630c9564e788a0e44ce15e"},"headline":"NLAAD Lanza la Campa\u00f1a 2026 Empoderando a los Hispanos\/Latinos a Hacerse la Prueba del VIH","datePublished":"2026-08-27T23:01:29+00:00","dateModified":"2026-09-04T23:45:17+00:00","mainEntityOfPage":{"@id":"https:\/\/nlaad.org\/es\/nlaad-launches-2026-campaign-empowering-hispanics-latinos-to-get-tested-for-hiv\/"},"wordCount":928,"publisher":{"@id":"https:\/\/nlaad.org\/#organization"},"image":{"@id":"https:\/\/nlaad.org\/es\/nlaad-launches-2026-campaign-empowering-hispanics-latinos-to-get-tested-for-hiv\/#primaryimage"},"thumbnailUrl":"https:\/\/nlaad.org\/wp-content\/uploads\/2026\/08\/nlaad-2026-posters-mockup.jpg","articleSection":["Campa\u00f1a NLAAD"],"inLanguage":"es-ES"},{"@type":"WebPage","@id":"https:\/\/nlaad.org\/es\/nlaad-launches-2026-campaign-empowering-hispanics-latinos-to-get-tested-for-hiv\/","url":"https:\/\/nlaad.org\/es\/nlaad-launches-2026-campaign-empowering-hispanics-latinos-to-get-tested-for-hiv\/","name":"NLAAD Lanza la Campa\u00f1a 2026 Empoderando a los Hispanos\/Latinos a Hacerse la Prueba del VIH - nlaad.org","isPartOf":{"@id":"https:\/\/nlaad.org\/#website"},"primaryImageOfPage":{"@id":"https:\/\/nlaad.org\/es\/nlaad-launches-2026-campaign-empowering-hispanics-latinos-to-get-tested-for-hiv\/#primaryimage"},"image":{"@id":"https:\/\/nlaad.org\/es\/nlaad-launches-2026-campaign-empowering-hispanics-latinos-to-get-tested-for-hiv\/#primaryimage"},"thumbnailUrl":"https:\/\/nlaad.org\/wp-content\/uploads\/2026\/08\/nlaad-2026-posters-mockup.jpg","datePublished":"2026-08-27T23:01:29+00:00","dateModified":"2026-09-04T23:45:17+00:00","breadcrumb":{"@id":"https:\/\/nlaad.org\/es\/nlaad-launches-2026-campaign-empowering-hispanics-latinos-to-get-tested-for-hiv\/#breadcrumb"},"inLanguage":"es-ES","potentialAction":[{"@type":"ReadAction","target":["https:\/\/nlaad.org\/es\/nlaad-launches-2026-campaign-empowering-hispanics-latinos-to-get-tested-for-hiv\/"]}]},{"@type":"ImageObject","inLanguage":"es-ES","@id":"https:\/\/nlaad.org\/es\/nlaad-launches-2026-campaign-empowering-hispanics-latinos-to-get-tested-for-hiv\/#primaryimage","url":"https:\/\/nlaad.org\/wp-content\/uploads\/2026\/08\/nlaad-2026-posters-mockup.jpg","contentUrl":"https:\/\/nlaad.org\/wp-content\/uploads\/2026\/08\/nlaad-2026-posters-mockup.jpg","width":1600,"height":1000},{"@type":"BreadcrumbList","@id":"https:\/\/nlaad.org\/es\/nlaad-launches-2026-campaign-empowering-hispanics-latinos-to-get-tested-for-hiv\/#breadcrumb","itemListElement":[{"@type":"ListItem","position":1,"name":"Home","item":"https:\/\/nlaad.org\/es\/"},{"@type":"ListItem","position":2,"name":"NLAAD Lanza la Campa\u00f1a 2026 Empoderando a los Hispanos\/Latinos a Hacerse la Prueba del VIH"}]},{"@type":"WebSite","@id":"https:\/\/nlaad.org\/#website","url":"https:\/\/nlaad.org\/","name":"nlaad.org","description":"National Latino AIDS Awareness Day","publisher":{"@id":"https:\/\/nlaad.org\/#organization"},"potentialAction":[{"@type":"SearchAction","target":{"@type":"EntryPoint","urlTemplate":"https:\/\/nlaad.org\/?s={search_term_string}"},"query-input":{"@type":"PropertyValueSpecification","valueRequired":true,"valueName":"search_term_string"}}],"inLanguage":"es-ES"},{"@type":"Organization","@id":"https:\/\/nlaad.org\/#organization","name":"Latino Commission on AIDS","url":"https:\/\/nlaad.org\/","logo":{"@type":"ImageObject","inLanguage":"es-ES","@id":"https:\/\/nlaad.org\/#\/schema\/logo\/image\/","url":"https:\/\/nlaad.org\/wp-content\/uploads\/2024\/01\/commission-logo.png","contentUrl":"https:\/\/nlaad.org\/wp-content\/uploads\/2024\/01\/commission-logo.png","width":218,"height":114,"caption":"Latino Commission on AIDS"},"image":{"@id":"https:\/\/nlaad.org\/#\/schema\/logo\/image\/"},"sameAs":["https:\/\/www.facebook.com\/LatinoCommissionOnAids\/","https:\/\/x.com\/latinocommaids","https:\/\/www.instagram.com\/latinocommaids\/","https:\/\/www.youtube.com\/channel\/UC2k0W8WkRot9Ds5iYEkpd3w"]},{"@type":"Person","@id":"https:\/\/nlaad.org\/#\/schema\/person\/0f6519262d630c9564e788a0e44ce15e","name":"daniel","image":{"@type":"ImageObject","inLanguage":"es-ES","@id":"https:\/\/secure.gravatar.com\/avatar\/911a869e60d8915854a3aca9056038ff1c408dcd06e733efe413f5c9f50f9681?s=96&d=mm&r=g","url":"https:\/\/secure.gravatar.com\/avatar\/911a869e60d8915854a3aca9056038ff1c408dcd06e733efe413f5c9f50f9681?s=96&d=mm&r=g","contentUrl":"https:\/\/secure.gravatar.com\/avatar\/911a869e60d8915854a3aca9056038ff1c408dcd06e733efe413f5c9f50f9681?s=96&d=mm&r=g","caption":"daniel"},"url":"https:\/\/nlaad.org\/es\/author\/daniel\/"}]}},"_links":{"self":[{"href":"https:\/\/nlaad.org\/es\/wp-json\/wp\/v2\/posts\/13632","targetHints":{"allow":["GET"]}}],"collection":[{"href":"https:\/\/nlaad.org\/es\/wp-json\/wp\/v2\/posts"}],"about":[{"href":"https:\/\/nlaad.org\/es\/wp-json\/wp\/v2\/types\/post"}],"author":[{"embeddable":true,"href":"https:\/\/nlaad.org\/es\/wp-json\/wp\/v2\/users\/1"}],"replies":[{"embeddable":true,"href":"https:\/\/nlaad.org\/es\/wp-json\/wp\/v2\/comments?post=13632"}],"version-history":[{"count":5,"href":"https:\/\/nlaad.org\/es\/wp-json\/wp\/v2\/posts\/13632\/revisions"}],"predecessor-version":[{"id":13641,"href":"https:\/\/nlaad.org\/es\/wp-json\/wp\/v2\/posts\/13632\/revisions\/13641"}],"wp:featuredmedia":[{"embeddable":true,"href":"https:\/\/nlaad.org\/es\/wp-json\/wp\/v2\/media\/13635"}],"wp:attachment":[{"href":"https:\/\/nlaad.org\/es\/wp-json\/wp\/v2\/media?parent=13632"}],"wp:term":[{"taxonomy":"category","embeddable":true,"href":"https:\/\/nlaad.org\/es\/wp-json\/wp\/v2\/categories?post=13632"},{"taxonomy":"post_tag","embeddable":true,"href":"https:\/\/nlaad.org\/es\/wp-json\/wp\/v2\/tags?post=13632"}],"curies":[{"name":"wp","href":"https:\/\/api.w.org\/{rel}","templated":true}]}}